{"id":1343,"date":"2021-12-14T15:10:33","date_gmt":"2021-12-14T15:10:33","guid":{"rendered":"https:\/\/cfaecan.pt\/?p=1343"},"modified":"2025-03-05T16:03:24","modified_gmt":"2025-03-05T16:03:24","slug":"carta-circular-n-o-5-2021","status":"publish","type":"post","link":"https:\/\/cfaecan.pt\/en\/2021\/12\/14\/carta-circular-n-o-5-2021\/","title":{"rendered":"Carta circular CCPFC n.\u00ba 5\/2021"},"content":{"rendered":"<p>&#8220;Considerando os termos do despacho n\u00b0 2836-A\/2020, relativo \u00e0 evolu\u00e7\u00e3o da propaga\u00e7\u00e3o do COVID-19, e tendo em vista diminuir o risco de transmiss\u00e3o, o Conselho Cient\u00edfico Pedag\u00f3gico da Forma\u00e7\u00e3o Cont\u00ednua (CCPFC) deliberou, atrav\u00e9s da Carta Circular CCPFC-1\/2020, em mar\u00e7o de 2020, para toda a forma\u00e7\u00e3o (cont\u00ednua e especializada) em curso ou que tivesse in\u00edcio ate ao dia 31 de Julho desse ano civil, \u201cdelegar nos \u00f3rg\u00e3os pedag\u00f3gicos das entidades formadoras a compet\u00eancia de decidir sobre o modo de realiza\u00e7\u00e3o da forma\u00e7\u00e3o acreditada pelo CCPFC\u201d.<\/p>\n\n\n\n<p>Face \u00e0s condi\u00e7\u00f5es da pandemia, esta delibera\u00e7\u00e3o foi sucessivamente prorrogada, encontrando-se em vigor para todas as iniciativas que, ao n\u00edvel da forma\u00e7\u00e3o cont\u00ednua e especializada, se iniciem at\u00e9 ao dia 31 de dezembro de 2021.<\/p>\n\n\n\n<p>Entretanto, verificando-se que as condi\u00e7\u00f5es sanit\u00e1rias do pa\u00eds eram diferentes das existentes aquando da delibera\u00e7\u00e4o inicial e que, em linha com as demais at\u00ecvidades, era importante retomar a normalidade do funcionamento do sistema de forma\u00e7\u00e3o cont\u00ednua de professores e educadores, o CCPFC deliberou atrav\u00e9s da Carta Circular CCPFC-4\/2021, no passado m\u00eas de outubro, que n\u00e3o haveria prorroga\u00e7\u00e3o do regime de excecionalidade iniciado em mar\u00e7o de 2020.<\/p>\n\n\n\n<p>Contudo, tendo em conta a evolu\u00e7\u00e3o recente da situa\u00e7\u00e3o pand\u00e9mica no pa\u00eds, a qual esteve na origem do conjunto de medidas de conten\u00e7\u00e3o determinadas pelo governo, e a necessidade de garantir \u00e0s entidades formadoras um quadro de estabilidade e previsibilidade necess\u00e1rio \u00e0 programa\u00e7\u00e3o atempada das suas iniciativas de forma\u00e7\u00e3o, o CCPFC deliberou:<\/p>\n\n\n\n<ol class=\"wp-block-list\" type=\"1\"><li><strong>prorrogar a validade dos termos previstos na Carta Circular CCPFC-1\/2020, de mar\u00e7o de 2020, para todas as a\u00e7\u00f3es de forma\u00e7\u00e3o cont\u00ednua <\/strong>e <strong>especializada que tenham <\/strong>in\u00edcio at\u00e9 31 de julho de 2022;<\/li><li><strong>revogar a Carta Circular CCPFC-4\/2021.<\/strong>&#8220;<\/li><\/ol>","protected":false},"excerpt":{"rendered":"<p>&#8220;Considerando os termos do despacho n\u00b0 2836-A\/2020, relativo \u00e0 evolu\u00e7\u00e3o da propaga\u00e7\u00e3o do COVID-19, e tendo em vista diminuir o risco de transmiss\u00e3o, o Conselho Cient\u00edfico Pedag\u00f3gico da Forma\u00e7\u00e3o Cont\u00ednua (CCPFC) deliberou, atrav\u00e9s da Carta Circular CCPFC-1\/2020, em mar\u00e7o de 2020, para toda a forma\u00e7\u00e3o (cont\u00ednua e especializada) em curso ou que tivesse in\u00edcio ate&hellip;<\/p>","protected":false},"author":1,"featured_media":0,"comment_status":"open","ping_status":"open","sticky":false,"template":"","format":"standard","meta":{"footnotes":""},"categories":[11],"tags":[],"class_list":["post-1343","post","type-post","status-publish","format-standard","hentry","category-arquivo"],"gutentor_comment":0,"_links":{"self":[{"href":"https:\/\/cfaecan.pt\/en\/wp-json\/wp\/v2\/posts\/1343","targetHints":{"allow":["GET"]}}],"collection":[{"href":"https:\/\/cfaecan.pt\/en\/wp-json\/wp\/v2\/posts"}],"about":[{"href":"https:\/\/cfaecan.pt\/en\/wp-json\/wp\/v2\/types\/post"}],"author":[{"embeddable":true,"href":"https:\/\/cfaecan.pt\/en\/wp-json\/wp\/v2\/users\/1"}],"replies":[{"embeddable":true,"href":"https:\/\/cfaecan.pt\/en\/wp-json\/wp\/v2\/comments?post=1343"}],"version-history":[{"count":2,"href":"https:\/\/cfaecan.pt\/en\/wp-json\/wp\/v2\/posts\/1343\/revisions"}],"predecessor-version":[{"id":1345,"href":"https:\/\/cfaecan.pt\/en\/wp-json\/wp\/v2\/posts\/1343\/revisions\/1345"}],"wp:attachment":[{"href":"https:\/\/cfaecan.pt\/en\/wp-json\/wp\/v2\/media?parent=1343"}],"wp:term":[{"taxonomy":"category","embeddable":true,"href":"https:\/\/cfaecan.pt\/en\/wp-json\/wp\/v2\/categories?post=1343"},{"taxonomy":"post_tag","embeddable":true,"href":"https:\/\/cfaecan.pt\/en\/wp-json\/wp\/v2\/tags?post=1343"}],"curies":[{"name":"wp","href":"https:\/\/api.w.org\/{rel}","templated":true}]}}